{"id":600,"date":"2008-08-02T15:35:14","date_gmt":"2008-08-02T14:35:14","guid":{"rendered":"http:\/\/www.lmae.net\/?p=600"},"modified":"2008-08-02T15:36:10","modified_gmt":"2008-08-02T14:36:10","slug":"3000-ans","status":"publish","type":"post","link":"https:\/\/www.lmae.net\/?p=600","title":{"rendered":"3000 ans"},"content":{"rendered":"<p>Ca fait long, 3000 ann\u00e9es de prison. <a href=\"http:\/\/www.20minutes.fr\/article\/243442\/Monde-Espagne-liberation-controversee-de-l-ex-membre-de-l-ETA-de-Juana-Chaos.php\">Pas en Espagne<\/a>:<\/p>\n<blockquote><p>Ignacio de Juana Chaos, l&rsquo;un des activistes les plus sanguinaires de l&rsquo;histoire de l&rsquo;ETA, a \u00e9t\u00e9 lib\u00e9r\u00e9 samedi apr\u00e8s avoir pass\u00e9 un peu plus de 20 ans en prison pour 25 assassinats, suscitant l&rsquo;indignation des victimes de l&rsquo;organisation ind\u00e9pendantiste basque arm\u00e9e.<\/p>\n<p>De Juana Chaos, est sorti vers 07H20 (05H20 GMT) de la prison d&rsquo;Aranjuez, pr\u00e8s de Madrid, \u00e0 pied et accompagn\u00e9 par deux avocats et son \u00e9pouse, Irati Aranzabal, avant de monter dans une voiture noire.<\/p>\n<p>Sa lib\u00e9ration a eu lieu, par un hasard de calendrier, 40 ans apr\u00e8s le premier assassinat planifi\u00e9 de l&rsquo;ETA, qui avait tu\u00e9 par balles un policier franquiste le 2 ao\u00fbt 1968.<\/p>\n<p>L&rsquo;atmosph\u00e8re entourant sa lib\u00e9ration a \u00e9t\u00e9 tendue, les associations de victimes du terrorisme la qualifiant \u00ab\u00a0d&rsquo;insulte \u00e0 la justice et d&rsquo;affront aux victimes de l&rsquo;ETA\u00a0\u00bb et d\u00e9plorant de voir de Juana Chaos sortir de prison sans qu&rsquo;il n&rsquo;ait m\u00eame effectu\u00e9 un an de prison pour chaque victime qui lui est attribu\u00e9e.<\/p>\n<p>De Juana Chaos, qui n&rsquo;a jamais exprim\u00e9 le moindre repentir, avait \u00e9t\u00e9 condamn\u00e9 \u00e0 3.000 ans de prison (peines cumul\u00e9es) pour 25 assassinats. Il a pass\u00e9 un peu plus de 20 ans en r\u00e9clusion, dix de moins que le maximum effectif pr\u00e9vu par la loi espagnole, gr\u00e2ce \u00e0 des remises de peines.<\/p>\n<p>\u00ab\u00a0Je ne peux avoir qu&rsquo;une opinion: il faut respecter la loi\u00a0\u00bb, mais \u00ab\u00a0cet individu suscite chez tous les citoyens et, bien s\u00fbr, chez le chef du gouvernement, une sensation parfaitement compr\u00e9hensible de m\u00e9pris\u00a0\u00bb, a d\u00e9clar\u00e9 vendredi soir le chef de l&rsquo;ex\u00e9cutif, Jos\u00e9 Luis Rodriguez Zapatero.<\/p>\n<p>A Madrid, l&rsquo;Association des victimes du terrorisme (AVT), proche de la droite, a manifest\u00e9 samedi contre cette lib\u00e9ration et rendu hommage aux victimes de l&rsquo;ETA en d\u00e9posant 25 bouquets de fleurs sur la place o\u00f9 avaient \u00e9t\u00e9 tu\u00e9s 12 gardes civiles en 1986, dans un attentat \u00e0 la voiture pi\u00e9g\u00e9e auquel avait particip\u00e9 de Juana Chaos.<\/p>\n<p>Une autre manifestation a \u00e9t\u00e9 organis\u00e9e \u00e0 Saint-S\u00e9bastien (nord), \u00e0 l&rsquo;initiative du Comit\u00e9 de victimes du terrorisme du Pays Basque (Covite).<\/p>\n<p>Ces derniers jours, les m\u00e9dias espagnols ont soulev\u00e9 une autre pol\u00e9mique, soulignant que le futur domicile de l&rsquo;ex-activiste, \u00e0 Saint-S\u00e9bastien, est situ\u00e9 \u00e0 proximit\u00e9 de logements de plusieurs victimes de l&rsquo;ETA.<\/p>\n<p>De Juana Chaos a beaucoup fait parler de lui en observant deux gr\u00e8ves de la faim, en 2006 et 2007, pour protester contre une condamnation suppl\u00e9mentaire \u00e0 trois ans de prison -pour avoir \u00e9crit des articles au ton virulent dans le journal ind\u00e9pendantiste Gara-, alors qu&rsquo;il allait \u00eatre lib\u00e9r\u00e9.<\/p>\n<p>En mars 2007, apr\u00e8s plusieurs mois de je\u00fbne, le gouvernement socialiste lui avait accord\u00e9 un r\u00e9gime de semi-libert\u00e9 par crainte que son possible d\u00e9c\u00e8s en prison n&rsquo;en fasse un \u00ab\u00a0martyr\u00a0\u00bb des ind\u00e9pendantistes basques, une d\u00e9cision alors fortement critiqu\u00e9e par la droite.<\/p>\n<p>Apr\u00e8s trois mois d&rsquo;hospitalisation \u00e0 Saint-S\u00e9bastien, il avait r\u00e9int\u00e9gr\u00e9 la prison le 6 juin 2007, quelques heures apr\u00e8s l&rsquo;annonce par l&rsquo;ETA de la fin officielle de son cessez-le-feu de mars 2006.<\/p>\n<p>De Juana avait entam\u00e9 depuis quelques jours une troisi\u00e8me gr\u00e8ve de la faim, pour protester notamment contre l&rsquo;ouverture d&rsquo;une enqu\u00eate sur son patrimoine visant \u00e0 v\u00e9rifier s&rsquo;il ne peut r\u00e9ellement indemniser ses victimes, \u00e0 hauteur de 8 millions d&rsquo;euros, comme la justice le lui demande.<\/p>\n<p>Le parquet du tribunal anti-terroriste espagnol, l&rsquo;Audience nationale, a demand\u00e9 la \u00ab\u00a0saisie pr\u00e9ventive\u00a0\u00bb d&rsquo;un appartement de sa famille rachet\u00e9 r\u00e9cemment par sa femme et lanc\u00e9 une enqu\u00eate sur cette acquisition.<\/p>\n<p>Il ne semblait toutefois pas trop affaibli \u00e0 sa sortie de prison, selon un photographe de l&rsquo;AFP.<\/p>\n<p>L&rsquo;ETA, consid\u00e9r\u00e9e comme organisation terroriste par l&rsquo;Union europ\u00e9enne, est tenue pour responsable de la mort de 823 personnes en 40 ans.<\/p>\n<p>\u00a9 2008 AFP<\/p><\/blockquote>\n<p>La conclusion de l&rsquo;article laisse perplexe, et puis on arrive \u00e0 la signature AFP et on comprend tout. Quant \u00e0 la justice espagnole&#8230; on regrette la peine de mort.<\/p>\n","protected":false},"excerpt":{"rendered":"<p>Ca fait long, 3000 ann\u00e9es de prison. Pas en Espagne: Ignacio de Juana Chaos, l&rsquo;un des activistes les plus sanguinaires de l&rsquo;histoire de l&rsquo;ETA, a \u00e9t\u00e9 lib\u00e9r\u00e9 samedi apr\u00e8s avoir pass\u00e9 un peu plus de 20 ans en prison pour &hellip;<\/p>\n<p class=\"read-more\"><a href=\"https:\/\/www.lmae.net\/?p=600\">Lire la suite &raquo;<\/a><\/p>\n","protected":false},"author":1,"featured_media":0,"comment_status":"open","ping_status":"open","sticky":false,"template":"","format":"standard","meta":[],"categories":[1],"tags":[],"_links":{"self":[{"href":"https:\/\/www.lmae.net\/index.php?rest_route=\/wp\/v2\/posts\/600"}],"collection":[{"href":"https:\/\/www.lmae.net\/index.php?rest_route=\/wp\/v2\/posts"}],"about":[{"href":"https:\/\/www.lmae.net\/index.php?rest_route=\/wp\/v2\/types\/post"}],"author":[{"embeddable":true,"href":"https:\/\/www.lmae.net\/index.php?rest_route=\/wp\/v2\/users\/1"}],"replies":[{"embeddable":true,"href":"https:\/\/www.lmae.net\/index.php?rest_route=%2Fwp%2Fv2%2Fcomments&post=600"}],"version-history":[{"count":3,"href":"https:\/\/www.lmae.net\/index.php?rest_route=\/wp\/v2\/posts\/600\/revisions"}],"predecessor-version":[{"id":603,"href":"https:\/\/www.lmae.net\/index.php?rest_route=\/wp\/v2\/posts\/600\/revisions\/603"}],"wp:attachment":[{"href":"https:\/\/www.lmae.net\/index.php?rest_route=%2Fwp%2Fv2%2Fmedia&parent=600"}],"wp:term":[{"taxonomy":"category","embeddable":true,"href":"https:\/\/www.lmae.net\/index.php?rest_route=%2Fwp%2Fv2%2Fcategories&post=600"},{"taxonomy":"post_tag","embeddable":true,"href":"https:\/\/www.lmae.net\/index.php?rest_route=%2Fwp%2Fv2%2Ftags&post=600"}],"curies":[{"name":"wp","href":"https:\/\/api.w.org\/{rel}","templated":true}]}}