{"id":115,"date":"2004-07-16T08:12:00","date_gmt":"2004-07-15T23:12:00","guid":{"rendered":""},"modified":"2007-07-07T02:22:35","modified_gmt":"2007-07-07T09:22:35","slug":"le-mauvais-reve","status":"publish","type":"post","link":"https:\/\/www.lmae.net\/?p=115","title":{"rendered":"Le mauvais r\u00eave"},"content":{"rendered":"<blockquote><p>Cela s&rsquo;appelle un mauvais r\u00eave. Durant quarante-huit heures, tout le monde a cru au r\u00e9cit de Marie L., cette jeune femme qui a d\u00e9pos\u00e9 une plainte pour avoir \u00e9t\u00e9 vol\u00e9e et sauvagement agress\u00e9e avec son b\u00e9b\u00e9 sur fond de propos antis\u00e9mites. [&#8230;]<\/p>\n<p>Ce fait divers sonnait trop juste. Comme un r\u00e9v\u00e9lateur d&rsquo;une \u00e9poque marqu\u00e9e par la persistance du rejet de l&rsquo;autre, la mont\u00e9e des agressions racistes et antis\u00e9mites, de la violence et de la peur. Comme le signe d&rsquo;un n\u00e9cessaire sursaut civique et r\u00e9publicain. Mais voil\u00e0, le trop vraisemblable n&rsquo;est pas le vrai. Un simple r\u00e9cit ne constitue pas une preuve. La parole d&rsquo;une \u00ab\u00a0victime\u00a0\u00bb n&rsquo;est pas sacr\u00e9e. La croyance ou la cr\u00e9dulit\u00e9 de tous ne vaut pas certitude.<\/p><\/blockquote>\n<p>Forc\u00e9ment tout le monde y a cru, moi y compris d&rsquo;ailleurs, m\u00eame si je n&rsquo;y ai pas accord\u00e9 une grande attention. Apr\u00e8s tout, on n&rsquo;en est plus \u00e0 une agression pr\u00e8s, et celle-l\u00e0 pour ignoble qu&rsquo;elle \u00e9tait, ne faisait que rajouter \u00e0 la longue liste&#8230; Le r\u00e9el probl\u00e8me c&rsquo;est que le culte de la victime a d\u00e9rap\u00e9: la r\u00e9daction du <i>Monde<\/i> s&rsquo;aper\u00e7oit que les victimes ne sont pas toujours fiables! Le probl\u00e8me c&rsquo;est qu&rsquo;avant de doubler le tirage et d&rsquo;amener la ministre des victimes \u00e0 la t\u00e9l\u00e9 (<a href=\"http:\/\/www.premier-ministre.gouv.fr\/fr\/composition-gouvernement\/nicole-guedj.html\">Nicole Guedj<\/a>), de faire des d\u00e9clarations grandiloquentes (\u00e0 la \u00ab\u00a0Galouzeau-Villepin\u00a0\u00bb), il faut peut-\u00eatre s&rsquo;assurer de la r\u00e9alit\u00e9 des faits, au lieu de tout prendre au pied de la lettre. Vous savez, faire un travail de journaliste.<\/p>\n<blockquote><p>Pour l&rsquo;avoir oubli\u00e9, les plus hautes instances de l&rsquo;Etat ont cr\u00e9dibilis\u00e9 les affabulations d&rsquo;une mythomane. Le minist\u00e8re de l&rsquo;int\u00e9rieur puis l&rsquo;Elys\u00e9e ont publi\u00e9 des communiqu\u00e9s soulignant le caract\u00e8re \u00ab\u00a0ignoble\u00a0\u00bb du fait divers et l'\u00a0\u00bbeffroi\u00a0\u00bb ressenti. Le Parlement, exceptionnellement r\u00e9uni dimanche, a interrompu sa s\u00e9ance pour faire part de son \u00e9motion. L&rsquo;ensemble du monde politique et associatif a suivi, et les m\u00e9dias ont puissamment embray\u00e9.<\/p><\/blockquote>\n<p>\nBravo <i>Le Monde<\/i> pour cette honn\u00eatet\u00e9. (sans aucune ironie)<\/p>\n<blockquote><p>Le Monde n&rsquo;a pas \u00e9t\u00e9 exempt de ce mouvement et a commis une faute. Nous en devons excuses aux jeunes des cit\u00e9s issus de l&rsquo;immigration maghr\u00e9bine ou africaine, stigmatis\u00e9s \u00e0 tort. Nous en devons aussi excuses \u00e0 nos lecteurs qui peuvent \u00e0 bon droit nous reprocher de ne pas avoir suffisamment fait place au doute.<\/p><\/blockquote>\n<p>\nPourquoi devoir des excuses \u00e0 tous les Maghr\u00e9bins ou Africains ? Qui les a accus\u00e9s <i>collectivement<\/i> ? Qui est assez b\u00eate pour reprocher \u00e0 tous les immigr\u00e9s o\u00f9 \u00e0 soup\u00e7onner tous les immigr\u00e9s d&rsquo;\u00eatre antis\u00e9mite et capable de commettre des actes violents ?<br \/>\nIl n&rsquo;en reste pas moins qu&rsquo;il existe bien un antis\u00e9mitisme parmi de nombreux jeunes des banlieues, qu&rsquo;ils expriment notamment au travers de tags, d&rsquo;agressions (rares relativement au nombre d&rsquo;immigr\u00e9s d&rsquo;ailleurs!). Mais leur faire porter toute la responsabilit\u00e9 de l&rsquo;antis\u00e9mitisme en France sera bien difficile. Le discours antis\u00e9mite franchouillard n&rsquo;a pas eu besoin de racailles de banlieue pour se d\u00e9velopper: il suit une longue tradition, et il est aujourd&rsquo;hui largement diffus\u00e9e par la presse, par les politiciens, par tout un tas d&rsquo;intellectuels, et aussi bien \u00e0 droite qu&rsquo;\u00e0 gauche, et m\u00eame surtout \u00e0 gauche.<\/p>\n<blockquote><p>L&rsquo;histoire des m\u00e9dias est truff\u00e9e de ces erreurs et de ces fi\u00e8vres journalistiques. De par ses traditions et sa culture, la grande presse ob\u00e9it presque par nature \u00e0 un devoir d&rsquo;indignation et de r\u00e9action. Suivre avec indiff\u00e9rence le cours de l&rsquo;actualit\u00e9 \u00e0 un train de s\u00e9nateur ne lui ressemble pas.<\/p><\/blockquote>\n<p>\nIls sont d\u00e9lirants. Moi qui croyait que la presse cherchait \u00e0 exposer des faits dans des articles, et dans les pages \u00e9ditoriales \u00e0 les commenter&#8230; il y a bien longtemps que les pages \u00ab\u00a0opinions\u00a0\u00bb ont d\u00e9bord\u00e9 sur les articles, et que les causes d\u00e9fendues par les journalistes transparaissent dans leurs reportages biais\u00e9s. Mais l\u00e0  c&rsquo;est un aveu pire que celui-l\u00e0: en fait la presse n&rsquo;a pas de recul sur ses publications, suit le mouvement (impuls\u00e9 par qui ? par l&rsquo;Etat ? par les d\u00e9p\u00eaches de l&rsquo;AFP ?), et r\u00e9agit \u00e9motionnellement.<\/p>\n<blockquote><p>Le poids d&rsquo;Internet et l&rsquo;acc\u00e9l\u00e9ration du rythme de circulation de l&rsquo;information ne simplifient rien. L&rsquo;univers m\u00e9diatique vit d\u00e9sormais l&rsquo;actualit\u00e9 en temps r\u00e9el. Le monde politique, soucieux de manifester sa pr\u00e9sence et sa compassion, de m\u00eame. Outre que les temps policier et judiciaire s&rsquo;accordent mal avec les autres, cette concurrence appara\u00eet largement pr\u00e9judiciable.<\/p><\/blockquote>\n<p>\nC&rsquo;est la faute au Net si les m\u00e9dias \u00ab\u00a0traditionnels\u00a0\u00bb ne savent pas s&rsquo;adapter. Curieux renversement de la situation. Si les journalistes veulent conserver une quelconque cr\u00e9dibilit\u00e9, peut-\u00eatre leur faudrait-il savoir se diff\u00e9rencier de la concurrence plut\u00f4t que d&rsquo;y coller au plus pr\u00e8s, notamment dans les d\u00e9fauts! Si justement les journaux avaient su garder la t\u00eate froide ils auraient pu pointer du doigt ceux qui se sont emport\u00e9s trop vite sur le Net. A vouloir suivre le mouvement ils se sont ridiculis\u00e9s avec les autres. Qu&rsquo;ont-ils fait du temps de r\u00e9flexion que permet le format papier ? Oh, je sais bien que <i>Le Monde<\/i> a un site web tr\u00e8s actif, mais les revenus du <I>Monde<\/i> viennent-ils du site ou du journal ?<\/p>\n<blockquote><p>L&rsquo;\u00e9crivain Fran\u00e7ois Mauriac (1885-1970), chroniqueur redoutable, assurait qu&rsquo;il existe \u00ab\u00a0un crime de silence\u00a0\u00bb. Nous d\u00e9couvrons depuis quelque temps qu&rsquo;il existe un d\u00e9lit d&#8217;emballement. Le d\u00e9fi est bien de trouver la juste mesure entre la dictature de l&rsquo;\u00e9motion et l&#8217;empire de l&rsquo;indiff\u00e9rence.<\/p><\/blockquote>\n<p>\nAllez, je vous donne un indice: peut-\u00eatre faut-il penser \u00e0 reporter les faits et de limiter les commentaires \u00e0 des pages d\u00e9di\u00e9es. Travaillez la base de votre m\u00e9tier. Revenez \u00e0 la source.<\/p>\n<p>Note \u00e0 tous les m\u00e9disants qui ne manqueront pas de m&rsquo;envoyer des mails me disant que je ne respecte pas les r\u00e8gles que je pr\u00e9conise aux autres: un blog n&rsquo;est pas un journal, point.<\/p>\n<p>Mise \u00e0 jour: voir le point de vue de <a href=\"http:\/\/zeksblog.blogspot.com\/2004_07_01_zeksblog_archive.html#108983661486477106\">zek<\/a>.<\/p>\n","protected":false},"excerpt":{"rendered":"<p>Cela s&rsquo;appelle un mauvais r\u00eave. Durant quarante-huit heures, tout le monde a cru au r\u00e9cit de Marie L., cette jeune femme qui a d\u00e9pos\u00e9 une plainte pour avoir \u00e9t\u00e9 vol\u00e9e et sauvagement agress\u00e9e avec son b\u00e9b\u00e9 sur fond de propos &hellip;<\/p>\n<p class=\"read-more\"><a href=\"https:\/\/www.lmae.net\/?p=115\">Lire la suite &raquo;<\/a><\/p>\n","protected":false},"author":1,"featured_media":0,"comment_status":"open","ping_status":"open","sticky":false,"template":"","format":"standard","meta":[],"categories":[6],"tags":[],"_links":{"self":[{"href":"https:\/\/www.lmae.net\/index.php?rest_route=\/wp\/v2\/posts\/115"}],"collection":[{"href":"https:\/\/www.lmae.net\/index.php?rest_route=\/wp\/v2\/posts"}],"about":[{"href":"https:\/\/www.lmae.net\/index.php?rest_route=\/wp\/v2\/types\/post"}],"author":[{"embeddable":true,"href":"https:\/\/www.lmae.net\/index.php?rest_route=\/wp\/v2\/users\/1"}],"replies":[{"embeddable":true,"href":"https:\/\/www.lmae.net\/index.php?rest_route=%2Fwp%2Fv2%2Fcomments&post=115"}],"version-history":[{"count":0,"href":"https:\/\/www.lmae.net\/index.php?rest_route=\/wp\/v2\/posts\/115\/revisions"}],"wp:attachment":[{"href":"https:\/\/www.lmae.net\/index.php?rest_route=%2Fwp%2Fv2%2Fmedia&parent=115"}],"wp:term":[{"taxonomy":"category","embeddable":true,"href":"https:\/\/www.lmae.net\/index.php?rest_route=%2Fwp%2Fv2%2Fcategories&post=115"},{"taxonomy":"post_tag","embeddable":true,"href":"https:\/\/www.lmae.net\/index.php?rest_route=%2Fwp%2Fv2%2Ftags&post=115"}],"curies":[{"name":"wp","href":"https:\/\/api.w.org\/{rel}","templated":true}]}}